{"id":7724,"date":"2018-10-16T07:51:18","date_gmt":"2018-10-16T07:51:18","guid":{"rendered":"https:\/\/deutsche-recycling.com\/blog\/umweltbeitrag-fuer-importierte-textilien-in-frankreich\/"},"modified":"2021-07-07T12:04:19","modified_gmt":"2021-07-07T10:04:19","slug":"umweltbeitrag-fuer-importierte-textilien-in-frankreich","status":"publish","type":"post","link":"https:\/\/deutsche-recycling.com\/fr\/blog\/umweltbeitrag-fuer-importierte-textilien-in-frankreich\/","title":{"rendered":"Umweltbeitrag f\u00fcr importierte Textilien in Frankreich"},"content":{"rendered":"<div class=\"wpb-content-wrapper\"><p>[vc_row full_width=&#8221;stretch_row&#8221; bg_type=&#8221;bg_color&#8221; bg_color_value=&#8221;rgba(255,255,255,0.95)&#8221;][vc_column][vc_column_text]<\/p>\n<h1>Erweiterte Herstellerverantwortung lt. Franz\u00f6sischem Umweltgesetzbuch:<br \/>\nZahlen Sie den Umweltbeitrag f\u00fcr Ihre importierten Textilien in Frankreich?<\/h1>\n<p>[\/vc_column_text][\/vc_column][\/vc_row][vc_row full_width=&#8221;stretch_row&#8221; content_placement=&#8221;top&#8221; bg_type=&#8221;bg_color&#8221; bg_color_value=&#8221;rgba(255,255,255,0.95)&#8221;][vc_column width=&#8221;1\/3&#8243;][vc_single_image image=&#8221;2268&#8243; img_size=&#8221;large&#8221;][\/vc_column][vc_column width=&#8221;2\/3&#8243;][vc_column_text css=&#8221;.vc_custom_1539674354840{margin-bottom: 0px !important;}&#8221;]Wer heute Waren und Produkte ins Ausland vertreibt, muss sich auch um Recycling, Entsorgung und Lizenzierung k\u00fcmmern. Das ist nicht neu, wird aber gern vernachl\u00e4ssigt. Als Inverkehrbringer von Waren sehen sich Unternehmen in Deutschland sowie europa- und weltweit zahlreichen, komplexen Entsorgungsbestimmungen gegen\u00fcber, die neben Kosten auch Zeitaufwand bedeuten.[\/vc_column_text][\/vc_column][\/vc_row][vc_row full_width=&#8221;stretch_row&#8221; content_placement=&#8221;bottom&#8221; bg_type=&#8221;bg_color&#8221; bg_color_value=&#8221;rgba(255,255,255,0.95)&#8221;][vc_column][vc_column_text css=&#8221;.vc_custom_1539674469135{margin-bottom: 0px !important;}&#8221;]Neben der Produzentenverantwortung f\u00fcr Verpackungen, Elektroger\u00e4te und Batterien hat Frankreich unter anderem auch eine erweitere Herstellerverantwortung f\u00fcr Druckerzeugnisse, Textilien sowie Einrichtungsgegenst\u00e4nde etabliert. Das hei\u00dft betroffene Unternehmen m\u00fcssen f\u00fcr die Abfallbewirtschaftung der auf dem Markt gebrachten Produkte sorgen oder die Finanzierung des Recyclingsystems sicherstellen.<\/p>\n<p>F\u00fcr Frankreich gelten besondere umweltrechtliche Verpflichtungen f\u00fcr das Inverkehrbringen von Textilien. Grundlage hierf\u00fcr ist der Artikel L.541-10-3 des franz\u00f6sischen Umweltgesetzbuchs.<\/p>\n<h2>Gilt das f\u00fcr alle Arten von Textilien?<\/h2>\n<p>Betroffen sind Kleidung, Haushaltsw\u00e4sche und Schuhe, die f\u00fcr den privaten Haushalt bestimmt sind. Ausgenommen sind beispielsweise Lederbekleidung, Puppen, Spielzeug, Artikel f\u00fcr Haustiere usw., medizinische und orthop\u00e4dische Artikel, Sportartikel wie Skischuhe oder Inlineskates usw.<\/p>\n<p>[\/vc_column_text][\/vc_column][\/vc_row]<\/p>\n<p>[vc_row full_width=&#8221;stretch_row&#8221; bg_type=&#8221;bg_color&#8221; bg_color_value=&#8221;rgba(255,255,255,0.95)&#8221;][vc_column width=&#8221;1\/2&#8243;][vc_column_text el_class=&#8221;small-space&#8221; css=&#8221;.vc_custom_1606134520953{margin-bottom: 0px !important;}&#8221;]<b>R\u00fccknahme &amp; Recycling im E-Commerce<br \/>\nDer Leitfaden f\u00fcr Onlineh\u00e4ndler<br \/>\n<\/b><\/p>\n<p class=\"p1\"><span class=\"s1\">Der Onlinehandel boomt \u2013 auch 2021. Was gerade jetzt besonders wichtig ist: Wer mit Produkten handelt, unterliegt verbindlichen Entsorgungs- und Recycling-Pflichten, deren Nichterf\u00fcllung zu erheblichen Sanktionen und Abmahnungen f\u00fchren kann. Das Problem: Viele H\u00e4ndler sind sich ihrer Verpflichtungen nicht bewusst. Doch nur wer rechtssicher handelt, ist vor ungeplanten Kosten und Bu\u00dfgeldern sicher. <a href=\"https:\/\/welcome.deutsche-recycling.de\/oo-ruecknahme-und-recycling-im-e-commerce?utm_campaign=ecommerce&amp;utm_source=blog&amp;utm_medium=Texttilien&amp;utm_persona=bp-oo&amp;utm_content=aaa&amp;utm_lso=blog\"><span class=\"s2\">Leitfaden herunterladen<\/span><\/a>[\/vc_column_text][\/vc_column][vc_column width=&#8221;1\/2&#8243;][vc_single_image image=&#8221;15520&#8243; img_size=&#8221;744&#215;649 (Width x Height))&#8221; onclick=&#8221;custom_link&#8221; img_link_target=&#8221;_blank&#8221; link=&#8221;https:\/\/welcome.deutsche-recycling.de\/oo-ruecknahme-und-recycling-im-e-commerce?utm_campaign=ecommerce&amp;utm_source=blog&amp;utm_medium=Texttilien&amp;utm_persona=bp-oo&amp;utm_content=aaa&amp;utm_lso=blog&#8221;][\/vc_column][\/vc_row]<\/span><\/p>\n<p>[vc_row full_width=&#8221;stretch_row&#8221; bg_type=&#8221;bg_color&#8221; bg_color_value=&#8221;rgba(255,255,255,0.95)&#8221;][vc_column][vc_column_text]<\/p>\n<h2>Welche Pflichten muss ich als Hersteller erf\u00fcllen, um gesetzeskonform zu handeln?<\/h2>\n<p>Der Inverkehrbringer muss entweder ein zugelassenes eigenes internes Sammel- und Recyclingsystem einrichten oder einem zugelassenen kollektiven R\u00fccknahmesystem beitreten, an welches ein \u00d6kobeitrag gezahlt wird. Au\u00dferdem m\u00fcssen j\u00e4hrlich die Mengen des Vorjahres gemeldet werden.<\/p>\n<h2>Wie wird die Umweltabgabe berechnet?<\/h2>\n<p>Der Umweltbeitrag wird j\u00e4hrlich festgesetzt, basierend auf dem letztj\u00e4hrigen Volumen der auf dem Markt in Verkehr gebrachten Textilien und der Gr\u00f6\u00dfe der einzelnen Teile. Bei recyclingf\u00e4higen Textilien wird der Beitrag bei Vorliegen der Voraussetzungen reduziert.[\/vc_column_text][\/vc_column][\/vc_row][vc_row full_width=&#8221;stretch_row&#8221; content_placement=&#8221;bottom&#8221; bg_type=&#8221;bg_color&#8221; bg_color_value=&#8221;rgba(255,255,255,0.95)&#8221;][vc_column][vc_column_text]<strong>Wir unterst\u00fctzen Sie dabei!<\/strong><\/p>\n<p>Die Deutsche Recycling hilft Ihnen Ihre Produkte gem\u00e4\u00df den franz\u00f6sischen Umweltvorgaben zu melden und zu entsorgen. <a href=\"https:\/\/deutsche-recycling.com\/kontakt\/\">Sprechen Sie uns an!<\/a>[\/vc_column_text][\/vc_column][\/vc_row]<\/p>\n<\/div>","protected":false},"excerpt":{"rendered":"<p>Wer heute Waren und Produkte ins Ausland vertreibt, muss sich auch um Recycling, Entsorgung und Lizenzierung k\u00fcmmern. Das ist nicht neu, wird aber gern vernachl\u00e4ssigt. &#8230;<\/p>\n","protected":false},"author":10,"featured_media":0,"comment_status":"closed","ping_status":"closed","sticky":false,"template":"","format":"standard","meta":{"_acf_changed":false,"content-type":"","footnotes":""},"categories":[53],"tags":[],"class_list":["post-7724","post","type-post","status-publish","format-standard","hentry","category-blog-fr","category-53","description-off"],"acf":[],"yoast_head":"<!-- This site is optimized with the Yoast SEO plugin v27.5 - https:\/\/yoast.com\/product\/yoast-seo-wordpress\/ -->\n<title>Zahlen Sie den Umweltbeitrag f\u00fcr Ihre importierten Textilien in Frankreich?<\/title>\n<meta name=\"description\" content=\"Laut dem franz\u00f6sischem Umweltgesetzbuch gilt in Frankreich die erweiterte Herstellerverantwortung, dies gilt auch f\u00fcr Textilien. Erfahren Sie mehr!\" \/>\n<meta name=\"robots\" content=\"index, follow, max-snippet:-1, max-image-preview:large, max-video-preview:-1\" \/>\n<link rel=\"canonical\" href=\"https:\/\/deutsche-recycling.com\/fr\/blog\/umweltbeitrag-fuer-importierte-textilien-in-frankreich\/\" \/>\n<meta property=\"og:locale\" content=\"fr_FR\" \/>\n<meta property=\"og:type\" content=\"article\" \/>\n<meta property=\"og:title\" content=\"Zahlen Sie den Umweltbeitrag f\u00fcr Ihre importierten Textilien in Frankreich?\" \/>\n<meta property=\"og:description\" content=\"Laut dem franz\u00f6sischem Umweltgesetzbuch gilt in Frankreich die erweiterte Herstellerverantwortung, dies gilt auch f\u00fcr Textilien. Erfahren Sie mehr!\" \/>\n<meta property=\"og:url\" content=\"https:\/\/deutsche-recycling.com\/fr\/blog\/umweltbeitrag-fuer-importierte-textilien-in-frankreich\/\" \/>\n<meta property=\"og:site_name\" content=\"Deutsche Recycling Service GmbH\" \/>\n<meta property=\"article:published_time\" content=\"2018-10-16T07:51:18+00:00\" \/>\n<meta property=\"article:modified_time\" content=\"2021-07-07T10:04:19+00:00\" \/>\n<meta name=\"author\" content=\"Nils R\u00f6pke\" \/>\n<meta name=\"twitter:card\" content=\"summary_large_image\" \/>\n<meta name=\"twitter:label1\" content=\"\u00c9crit par\" \/>\n\t<meta name=\"twitter:data1\" content=\"Nils R\u00f6pke\" \/>\n\t<meta name=\"twitter:label2\" content=\"Dur\u00e9e de lecture estim\u00e9e\" \/>\n\t<meta name=\"twitter:data2\" content=\"3 minutes\" \/>\n<script type=\"application\/ld+json\" class=\"yoast-schema-graph\">{\"@context\":\"https:\\\/\\\/schema.org\",\"@graph\":[{\"@type\":\"Article\",\"@id\":\"https:\\\/\\\/deutsche-recycling.com\\\/fr\\\/blog\\\/umweltbeitrag-fuer-importierte-textilien-in-frankreich\\\/#article\",\"isPartOf\":{\"@id\":\"https:\\\/\\\/deutsche-recycling.com\\\/fr\\\/blog\\\/umweltbeitrag-fuer-importierte-textilien-in-frankreich\\\/\"},\"author\":{\"name\":\"Nils R\u00f6pke\",\"@id\":\"https:\\\/\\\/deutsche-recycling.com\\\/#\\\/schema\\\/person\\\/ec385465a7c77f19502e042831a582fe\"},\"headline\":\"Umweltbeitrag f\u00fcr importierte Textilien in Frankreich\",\"datePublished\":\"2018-10-16T07:51:18+00:00\",\"dateModified\":\"2021-07-07T10:04:19+00:00\",\"mainEntityOfPage\":{\"@id\":\"https:\\\/\\\/deutsche-recycling.com\\\/fr\\\/blog\\\/umweltbeitrag-fuer-importierte-textilien-in-frankreich\\\/\"},\"wordCount\":634,\"publisher\":{\"@id\":\"https:\\\/\\\/deutsche-recycling.com\\\/#organization\"},\"articleSection\":[\"Blog\"],\"inLanguage\":\"fr-FR\"},{\"@type\":\"WebPage\",\"@id\":\"https:\\\/\\\/deutsche-recycling.com\\\/fr\\\/blog\\\/umweltbeitrag-fuer-importierte-textilien-in-frankreich\\\/\",\"url\":\"https:\\\/\\\/deutsche-recycling.com\\\/fr\\\/blog\\\/umweltbeitrag-fuer-importierte-textilien-in-frankreich\\\/\",\"name\":\"Zahlen Sie den Umweltbeitrag f\u00fcr Ihre importierten Textilien in Frankreich?\",\"isPartOf\":{\"@id\":\"https:\\\/\\\/deutsche-recycling.com\\\/#website\"},\"datePublished\":\"2018-10-16T07:51:18+00:00\",\"dateModified\":\"2021-07-07T10:04:19+00:00\",\"description\":\"Laut dem franz\u00f6sischem Umweltgesetzbuch gilt in Frankreich die erweiterte Herstellerverantwortung, dies gilt auch f\u00fcr Textilien. Erfahren Sie mehr!\",\"breadcrumb\":{\"@id\":\"https:\\\/\\\/deutsche-recycling.com\\\/fr\\\/blog\\\/umweltbeitrag-fuer-importierte-textilien-in-frankreich\\\/#breadcrumb\"},\"inLanguage\":\"fr-FR\",\"potentialAction\":[{\"@type\":\"ReadAction\",\"target\":[\"https:\\\/\\\/deutsche-recycling.com\\\/fr\\\/blog\\\/umweltbeitrag-fuer-importierte-textilien-in-frankreich\\\/\"]}]},{\"@type\":\"BreadcrumbList\",\"@id\":\"https:\\\/\\\/deutsche-recycling.com\\\/fr\\\/blog\\\/umweltbeitrag-fuer-importierte-textilien-in-frankreich\\\/#breadcrumb\",\"itemListElement\":[{\"@type\":\"ListItem\",\"position\":1,\"name\":\"Startseite\",\"item\":\"https:\\\/\\\/deutsche-recycling.com\\\/\"},{\"@type\":\"ListItem\",\"position\":2,\"name\":\"Umweltbeitrag f\u00fcr importierte Textilien in Frankreich\"}]},{\"@type\":\"WebSite\",\"@id\":\"https:\\\/\\\/deutsche-recycling.com\\\/#website\",\"url\":\"https:\\\/\\\/deutsche-recycling.com\\\/\",\"name\":\"Deutsche Recycling Service GmbH\",\"description\":\"Imagine one solution. Worldwide.\",\"publisher\":{\"@id\":\"https:\\\/\\\/deutsche-recycling.com\\\/#organization\"},\"potentialAction\":[{\"@type\":\"SearchAction\",\"target\":{\"@type\":\"EntryPoint\",\"urlTemplate\":\"https:\\\/\\\/deutsche-recycling.com\\\/?s={search_term_string}\"},\"query-input\":{\"@type\":\"PropertyValueSpecification\",\"valueRequired\":true,\"valueName\":\"search_term_string\"}}],\"inLanguage\":\"fr-FR\"},{\"@type\":\"Organization\",\"@id\":\"https:\\\/\\\/deutsche-recycling.com\\\/#organization\",\"name\":\"DR Deutsche Recycling Service GmbH\",\"url\":\"https:\\\/\\\/deutsche-recycling.com\\\/\",\"logo\":{\"@type\":\"ImageObject\",\"inLanguage\":\"fr-FR\",\"@id\":\"https:\\\/\\\/deutsche-recycling.com\\\/#\\\/schema\\\/logo\\\/image\\\/\",\"url\":\"https:\\\/\\\/deutsche-recycling.com\\\/wp-content\\\/uploads\\\/2017\\\/10\\\/logo_deutsche-recycling_1x.png\",\"contentUrl\":\"https:\\\/\\\/deutsche-recycling.com\\\/wp-content\\\/uploads\\\/2017\\\/10\\\/logo_deutsche-recycling_1x.png\",\"width\":283,\"height\":92,\"caption\":\"DR Deutsche Recycling Service GmbH\"},\"image\":{\"@id\":\"https:\\\/\\\/deutsche-recycling.com\\\/#\\\/schema\\\/logo\\\/image\\\/\"}},{\"@type\":\"Person\",\"@id\":\"https:\\\/\\\/deutsche-recycling.com\\\/#\\\/schema\\\/person\\\/ec385465a7c77f19502e042831a582fe\",\"name\":\"Nils R\u00f6pke\"}]}<\/script>\n<!-- \/ Yoast SEO plugin. -->","yoast_head_json":{"title":"Zahlen Sie den Umweltbeitrag f\u00fcr Ihre importierten Textilien in Frankreich?","description":"Laut dem franz\u00f6sischem Umweltgesetzbuch gilt in Frankreich die erweiterte Herstellerverantwortung, dies gilt auch f\u00fcr Textilien. Erfahren Sie mehr!","robots":{"index":"index","follow":"follow","max-snippet":"max-snippet:-1","max-image-preview":"max-image-preview:large","max-video-preview":"max-video-preview:-1"},"canonical":"https:\/\/deutsche-recycling.com\/fr\/blog\/umweltbeitrag-fuer-importierte-textilien-in-frankreich\/","og_locale":"fr_FR","og_type":"article","og_title":"Zahlen Sie den Umweltbeitrag f\u00fcr Ihre importierten Textilien in Frankreich?","og_description":"Laut dem franz\u00f6sischem Umweltgesetzbuch gilt in Frankreich die erweiterte Herstellerverantwortung, dies gilt auch f\u00fcr Textilien. Erfahren Sie mehr!","og_url":"https:\/\/deutsche-recycling.com\/fr\/blog\/umweltbeitrag-fuer-importierte-textilien-in-frankreich\/","og_site_name":"Deutsche Recycling Service GmbH","article_published_time":"2018-10-16T07:51:18+00:00","article_modified_time":"2021-07-07T10:04:19+00:00","author":"Nils R\u00f6pke","twitter_card":"summary_large_image","twitter_misc":{"\u00c9crit par":"Nils R\u00f6pke","Dur\u00e9e de lecture estim\u00e9e":"3 minutes"},"schema":{"@context":"https:\/\/schema.org","@graph":[{"@type":"Article","@id":"https:\/\/deutsche-recycling.com\/fr\/blog\/umweltbeitrag-fuer-importierte-textilien-in-frankreich\/#article","isPartOf":{"@id":"https:\/\/deutsche-recycling.com\/fr\/blog\/umweltbeitrag-fuer-importierte-textilien-in-frankreich\/"},"author":{"name":"Nils R\u00f6pke","@id":"https:\/\/deutsche-recycling.com\/#\/schema\/person\/ec385465a7c77f19502e042831a582fe"},"headline":"Umweltbeitrag f\u00fcr importierte Textilien in Frankreich","datePublished":"2018-10-16T07:51:18+00:00","dateModified":"2021-07-07T10:04:19+00:00","mainEntityOfPage":{"@id":"https:\/\/deutsche-recycling.com\/fr\/blog\/umweltbeitrag-fuer-importierte-textilien-in-frankreich\/"},"wordCount":634,"publisher":{"@id":"https:\/\/deutsche-recycling.com\/#organization"},"articleSection":["Blog"],"inLanguage":"fr-FR"},{"@type":"WebPage","@id":"https:\/\/deutsche-recycling.com\/fr\/blog\/umweltbeitrag-fuer-importierte-textilien-in-frankreich\/","url":"https:\/\/deutsche-recycling.com\/fr\/blog\/umweltbeitrag-fuer-importierte-textilien-in-frankreich\/","name":"Zahlen Sie den Umweltbeitrag f\u00fcr Ihre importierten Textilien in Frankreich?","isPartOf":{"@id":"https:\/\/deutsche-recycling.com\/#website"},"datePublished":"2018-10-16T07:51:18+00:00","dateModified":"2021-07-07T10:04:19+00:00","description":"Laut dem franz\u00f6sischem Umweltgesetzbuch gilt in Frankreich die erweiterte Herstellerverantwortung, dies gilt auch f\u00fcr Textilien. Erfahren Sie mehr!","breadcrumb":{"@id":"https:\/\/deutsche-recycling.com\/fr\/blog\/umweltbeitrag-fuer-importierte-textilien-in-frankreich\/#breadcrumb"},"inLanguage":"fr-FR","potentialAction":[{"@type":"ReadAction","target":["https:\/\/deutsche-recycling.com\/fr\/blog\/umweltbeitrag-fuer-importierte-textilien-in-frankreich\/"]}]},{"@type":"BreadcrumbList","@id":"https:\/\/deutsche-recycling.com\/fr\/blog\/umweltbeitrag-fuer-importierte-textilien-in-frankreich\/#breadcrumb","itemListElement":[{"@type":"ListItem","position":1,"name":"Startseite","item":"https:\/\/deutsche-recycling.com\/"},{"@type":"ListItem","position":2,"name":"Umweltbeitrag f\u00fcr importierte Textilien in Frankreich"}]},{"@type":"WebSite","@id":"https:\/\/deutsche-recycling.com\/#website","url":"https:\/\/deutsche-recycling.com\/","name":"Deutsche Recycling Service GmbH","description":"Imagine one solution. Worldwide.","publisher":{"@id":"https:\/\/deutsche-recycling.com\/#organization"},"potentialAction":[{"@type":"SearchAction","target":{"@type":"EntryPoint","urlTemplate":"https:\/\/deutsche-recycling.com\/?s={search_term_string}"},"query-input":{"@type":"PropertyValueSpecification","valueRequired":true,"valueName":"search_term_string"}}],"inLanguage":"fr-FR"},{"@type":"Organization","@id":"https:\/\/deutsche-recycling.com\/#organization","name":"DR Deutsche Recycling Service GmbH","url":"https:\/\/deutsche-recycling.com\/","logo":{"@type":"ImageObject","inLanguage":"fr-FR","@id":"https:\/\/deutsche-recycling.com\/#\/schema\/logo\/image\/","url":"https:\/\/deutsche-recycling.com\/wp-content\/uploads\/2017\/10\/logo_deutsche-recycling_1x.png","contentUrl":"https:\/\/deutsche-recycling.com\/wp-content\/uploads\/2017\/10\/logo_deutsche-recycling_1x.png","width":283,"height":92,"caption":"DR Deutsche Recycling Service GmbH"},"image":{"@id":"https:\/\/deutsche-recycling.com\/#\/schema\/logo\/image\/"}},{"@type":"Person","@id":"https:\/\/deutsche-recycling.com\/#\/schema\/person\/ec385465a7c77f19502e042831a582fe","name":"Nils R\u00f6pke"}]}},"_links":{"self":[{"href":"https:\/\/deutsche-recycling.com\/fr\/wp-json\/wp\/v2\/posts\/7724","targetHints":{"allow":["GET"]}}],"collection":[{"href":"https:\/\/deutsche-recycling.com\/fr\/wp-json\/wp\/v2\/posts"}],"about":[{"href":"https:\/\/deutsche-recycling.com\/fr\/wp-json\/wp\/v2\/types\/post"}],"author":[{"embeddable":true,"href":"https:\/\/deutsche-recycling.com\/fr\/wp-json\/wp\/v2\/users\/10"}],"replies":[{"embeddable":true,"href":"https:\/\/deutsche-recycling.com\/fr\/wp-json\/wp\/v2\/comments?post=7724"}],"version-history":[{"count":4,"href":"https:\/\/deutsche-recycling.com\/fr\/wp-json\/wp\/v2\/posts\/7724\/revisions"}],"predecessor-version":[{"id":15824,"href":"https:\/\/deutsche-recycling.com\/fr\/wp-json\/wp\/v2\/posts\/7724\/revisions\/15824"}],"wp:attachment":[{"href":"https:\/\/deutsche-recycling.com\/fr\/wp-json\/wp\/v2\/media?parent=7724"}],"wp:term":[{"taxonomy":"category","embeddable":true,"href":"https:\/\/deutsche-recycling.com\/fr\/wp-json\/wp\/v2\/categories?post=7724"},{"taxonomy":"post_tag","embeddable":true,"href":"https:\/\/deutsche-recycling.com\/fr\/wp-json\/wp\/v2\/tags?post=7724"}],"curies":[{"name":"wp","href":"https:\/\/api.w.org\/{rel}","templated":true}]}}